{"id":10273,"date":"2024-09-26T17:24:38","date_gmt":"2024-09-26T23:24:38","guid":{"rendered":"https:\/\/zonalimitrofe-cbnr.com\/?p=10273"},"modified":"2024-09-26T17:24:39","modified_gmt":"2024-09-26T23:24:39","slug":"ayuntamiento-de-gomez-palacio-lanza-guardianes-con-estrella-un-ambicioso-programa-de-prevencion-del-suicidio-juvenil","status":"publish","type":"post","link":"https:\/\/zonalimitrofe-cbnr.com\/index.php\/2024\/09\/26\/ayuntamiento-de-gomez-palacio-lanza-guardianes-con-estrella-un-ambicioso-programa-de-prevencion-del-suicidio-juvenil\/","title":{"rendered":"Ayuntamiento de G\u00f3mez Palacio Lanza \u201cGuardianes con Estrella\u201d un ambicioso programa de prevenci\u00f3n del suicidio juvenil"},"content":{"rendered":"\n<p>+Firma Ayuntamiento y el colectivo \u201cX Salud Mental\u201d un convenio para capacitar a j\u00f3venes para que sean capaces de detectar y canalizar a quienes presenten indicios de estar contemplando la posibilidad del suicidio<\/p>\n\n\n\n<p>El Ayuntamiento de G\u00f3mez Palacio a trav\u00e9s del Instituto Municipal de la Juventud iniciar\u00e1 un ambicioso programa para la prevenci\u00f3n del suicidio llamado \u201cGuardianes con Estrella\u201d; por este motivo el Secretario del Ayuntamiento, Vicente Reyes Sol\u00eds, en representaci\u00f3n de la Presidenta Municipal Leticia Herrera Ale firm\u00f3 un convenio con el colectivo \u201cX Salud Mental\u201d quienes se sumar\u00e1n a esta iniciativa que busca dar atenci\u00f3n oportuna a los j\u00f3venes que est\u00e9n contemplando el suicidio como una alternativa para terminar con las adversidades de su vida.<\/p>\n\n\n\n<p>Sof\u00eda Carriedo Garc\u00eda, titular del Instituto Municipal de la Juventud, explic\u00f3 que este programa coordinar\u00e1 esfuerzos con diversas entidades como IMJUVE, Salud Municipal, SIPINNA, CECOSAMA (Centro Comunitario de Salud Mental y Adicciones), y el Colectivo \u201cX Salud Mental\u201d.<\/p>\n\n\n\n<p>A trav\u00e9s de este programa se crear\u00e1 una red de j\u00f3venes, denominados \u201cGuardianes con Estrella\u201d, quienes, tendr\u00e1n a dos representantes en cada sal\u00f3n de clases de nivel medio y medio superior; ellos ser\u00e1n los encargados de monitorear y reportar cualquier se\u00f1al de alerta entre sus compa\u00f1eros.<\/p>\n\n\n\n<p>Los j\u00f3venes integrantes de la red \u201cGuardianes con Estrella\u201d recibir\u00e1n capacitaci\u00f3n constante para aprender a observar y detectar cualquier indicio de problemas emocionales en sus compa\u00f1eros, que puedan derivar en un suicidio.<\/p>\n\n\n\n<p>El enfoque est\u00e1 puesto en preparatorias y universidades, ya que a nivel mundial existe un incremento en los casos de suicidio o tentativa de suicidio en personas de entre 17 y 29 a\u00f1os y en menor medida en j\u00f3venes desde los 15 a\u00f1os de edad.<\/p>\n\n\n\n<p>Durante la firma del convenio, el Secretario del Ayuntamiento reiter\u00f3 la importancia de proporcionar un soporte integral a los j\u00f3venes, buscando mitigar los riesgos que pueden conducir al suicidio. Por ello agradeci\u00f3 el compromiso de todos los involucrados en este programa, en especial al colectivo \u201cX Salud Mental\u201d y CECOSAMA quienes capacitar\u00e1n continuamente a los \u201cGuardianes con Estrella\u201d en primeros auxilios psicol\u00f3gicos.<\/p>\n\n\n\n<p>\u201cLas redes de apoyo pueden salvar vidas, y para que todos podamos ser agentes de prevenci\u00f3n habr\u00eda que dotar de herramientas a los que vayan integrando la campa\u00f1a para que aprendan a escuchar de forma activa y emp\u00e1tica y as\u00ed poder ayudar a buscar alternativas de soluci\u00f3n, \u201cX Salud Mental\u201d cuenta con m\u00e1s de 10 psicoterapeutas para el apoyo necesario, de los j\u00f3venes, todo completamente gratis\u201d concluy\u00f3 Carriedo Garc\u00eda.<\/p>\n","protected":false},"excerpt":{"rendered":"<p>+Firma Ayuntamiento y el colectivo \u201cX Salud Mental\u201d un convenio para capacitar a j\u00f3venes para que sean capaces de detectar y canalizar a quienes presenten indicios de estar contemplando la posibilidad del suicidio El Ayuntamiento de G\u00f3mez Palacio a trav\u00e9s del Instituto Municipal de la Juventud iniciar\u00e1 un ambicioso programa para la prevenci\u00f3n del suicidio [&hellip;]<\/p>\n","protected":false},"author":1,"featured_media":10274,"comment_status":"open","ping_status":"open","sticky":false,"template":"","format":"standard","meta":{"_monsterinsights_skip_tracking":false,"_monsterinsights_sitenote_active":false,"_monsterinsights_sitenote_note":"","_monsterinsights_sitenote_category":0,"footnotes":""},"categories":[1],"tags":[],"_links":{"self":[{"href":"https:\/\/zonalimitrofe-cbnr.com\/index.php\/wp-json\/wp\/v2\/posts\/10273"}],"collection":[{"href":"https:\/\/zonalimitrofe-cbnr.com\/index.php\/wp-json\/wp\/v2\/posts"}],"about":[{"href":"https:\/\/zonalimitrofe-cbnr.com\/index.php\/wp-json\/wp\/v2\/types\/post"}],"author":[{"embeddable":true,"href":"https:\/\/zonalimitrofe-cbnr.com\/index.php\/wp-json\/wp\/v2\/users\/1"}],"replies":[{"embeddable":true,"href":"https:\/\/zonalimitrofe-cbnr.com\/index.php\/wp-json\/wp\/v2\/comments?post=10273"}],"version-history":[{"count":1,"href":"https:\/\/zonalimitrofe-cbnr.com\/index.php\/wp-json\/wp\/v2\/posts\/10273\/revisions"}],"predecessor-version":[{"id":10275,"href":"https:\/\/zonalimitrofe-cbnr.com\/index.php\/wp-json\/wp\/v2\/posts\/10273\/revisions\/10275"}],"wp:featuredmedia":[{"embeddable":true,"href":"https:\/\/zonalimitrofe-cbnr.com\/index.php\/wp-json\/wp\/v2\/media\/10274"}],"wp:attachment":[{"href":"https:\/\/zonalimitrofe-cbnr.com\/index.php\/wp-json\/wp\/v2\/media?parent=10273"}],"wp:term":[{"taxonomy":"category","embeddable":true,"href":"https:\/\/zonalimitrofe-cbnr.com\/index.php\/wp-json\/wp\/v2\/categories?post=10273"},{"taxonomy":"post_tag","embeddable":true,"href":"https:\/\/zonalimitrofe-cbnr.com\/index.php\/wp-json\/wp\/v2\/tags?post=10273"}],"curies":[{"name":"wp","href":"https:\/\/api.w.org\/{rel}","templated":true}]}}