{"id":10259,"date":"2024-09-26T15:08:16","date_gmt":"2024-09-26T21:08:16","guid":{"rendered":"https:\/\/zonalimitrofe-cbnr.com\/?p=10259"},"modified":"2024-09-26T15:08:17","modified_gmt":"2024-09-26T21:08:17","slug":"uadec-visita-rector-de-la-uadec-a-la-comunidad-de-la-escuela-de-bachilleres-antonio-gutierrez-garza-de-ciudad-acuna","status":"publish","type":"post","link":"https:\/\/zonalimitrofe-cbnr.com\/index.php\/2024\/09\/26\/uadec-visita-rector-de-la-uadec-a-la-comunidad-de-la-escuela-de-bachilleres-antonio-gutierrez-garza-de-ciudad-acuna\/","title":{"rendered":"#UAdeC. Visita Rector de la UAdeC a la Comunidad de la Escuela de Bachilleres Antonio Guti\u00e9rrez Garza de Ciudad Acu\u00f1a"},"content":{"rendered":"\n<p>CIUDAD ACU\u00d1A, Coahuila. 26 de septiembre de 2024. El rector de la Universidad Aut\u00f3noma de Coahuila, Octavio Pimentel Mart\u00ednez, visit\u00f3 la Escuela de Bachilleres \u201cAntonio Guti\u00e9rrez Garza\u201d de Ciudad Acu\u00f1a, en donde devel\u00f3 la Nomenclatura del plantel acompa\u00f1ado por su comunidad universitaria.<\/p>\n\n\n\n<p>La directora de la Preparatoria Martha Patricia Balderas Morales, docentes y estudiantes compartieron inquietudes y necesidades con el Rector, quien gir\u00f3 instrucciones de atenderlas y trabajar en equipo para mejora de la instituci\u00f3n.<\/p>\n\n\n\n<p>Los acuerdos inmediatos para esta comunidad universitaria fueron la reforestaci\u00f3n en el exterior del frente del edificio y el \u00e1rea de jardines en la parte posterior de las aulas, ello a trav\u00e9s de la coordinaci\u00f3n de Extensi\u00f3n Universitaria con Lobos en Acci\u00f3n y la Agenda Ambiental Universitaria.<\/p>\n\n\n\n<p>Durante la visita del rector Octavio Pimentel, estudiantes, directivos y maestros convivieron y externaron sus peticiones en distintos rubros, entre ellos, la construcci\u00f3n de un auditorio, que ser\u00e1 un espacio para desarrollar actividades acad\u00e9micas, art\u00edsticas y culturales, entre otras.<\/p>\n\n\n\n<p>Para el auditorio, el Rector les afirm\u00f3 que analizar\u00e1n y gestionar\u00e1n los recursos para su construcci\u00f3n, una vez que inicie la nueva administraci\u00f3n del gobierno federal, para en equipo llevar a buen puerto la obra de infraestructura que se requiere.<\/p>\n\n\n\n<p>Durante el recorrido por la Preparatoria de la Escuela, Pimentel Mart\u00ednez felicit\u00f3 a las y los estudiantes por mantener las instalaciones en \u00f3ptimas condiciones, acompa\u00f1ado por el coordinador de Unidad Norte, Luis Carlos Talamantes Arredondo, el director de Planeaci\u00f3n Jes\u00fas Alberto Montalvo, la Coordinadora de Administraci\u00f3n Patrimonial y de Servicios, Paulette Sece\u00f1as V\u00e1zquez y el coordinador de Extensi\u00f3n Universitaria, David Hern\u00e1ndez Barrera.<\/p>\n\n\n\n<p>La Escuela de Bachilleres \u201cAntonio Guti\u00e9rrez Garza\u201d, cuenta con 230 alumnos, entre ellos de Educaci\u00f3n a Distancia que acuden a sus asesor\u00edas con docentes del plantel, adem\u00e1s de 23 docentes, personal administrativo y manual.<\/p>\n\n\n\n<p>La Escuela de Bachilleres Antonio Guti\u00e9rrez Garza de la Universidad Aut\u00f3noma de Coahuila es una instituci\u00f3n p\u00fablica de educaci\u00f3n a nivel medio superior, fundada en ciudad Acu\u00f1a en enero de 2012, naci\u00f3 con el fin de atender la demanda de educaci\u00f3n p\u00fablica de nivel medio superior, en el sistema escolar.<\/p>\n\n\n\n<p>La comunidad de la Escuela de Bachilleres Antonio Guti\u00e9rrez Garza avanza en la culminaci\u00f3n de sus metas, el estudiantado cumple con su entusiasmo y su responsabilidad de estudiar: la deserci\u00f3n escolar y la reprobaci\u00f3n han disminuido; los<\/p>\n\n\n\n<p>docentes se actualizan permanentemente y en reuniones de academia comparten experiencias y eval\u00faan avances program\u00e1ticos.<\/p>\n","protected":false},"excerpt":{"rendered":"<p>CIUDAD ACU\u00d1A, Coahuila. 26 de septiembre de 2024. El rector de la Universidad Aut\u00f3noma de Coahuila, Octavio Pimentel Mart\u00ednez, visit\u00f3 la Escuela de Bachilleres \u201cAntonio Guti\u00e9rrez Garza\u201d de Ciudad Acu\u00f1a, en donde devel\u00f3 la Nomenclatura del plantel acompa\u00f1ado por su comunidad universitaria. La directora de la Preparatoria Martha Patricia Balderas Morales, docentes y estudiantes compartieron [&hellip;]<\/p>\n","protected":false},"author":1,"featured_media":0,"comment_status":"open","ping_status":"open","sticky":false,"template":"","format":"standard","meta":{"_monsterinsights_skip_tracking":false,"_monsterinsights_sitenote_active":false,"_monsterinsights_sitenote_note":"","_monsterinsights_sitenote_category":0,"footnotes":""},"categories":[1],"tags":[],"_links":{"self":[{"href":"https:\/\/zonalimitrofe-cbnr.com\/index.php\/wp-json\/wp\/v2\/posts\/10259"}],"collection":[{"href":"https:\/\/zonalimitrofe-cbnr.com\/index.php\/wp-json\/wp\/v2\/posts"}],"about":[{"href":"https:\/\/zonalimitrofe-cbnr.com\/index.php\/wp-json\/wp\/v2\/types\/post"}],"author":[{"embeddable":true,"href":"https:\/\/zonalimitrofe-cbnr.com\/index.php\/wp-json\/wp\/v2\/users\/1"}],"replies":[{"embeddable":true,"href":"https:\/\/zonalimitrofe-cbnr.com\/index.php\/wp-json\/wp\/v2\/comments?post=10259"}],"version-history":[{"count":1,"href":"https:\/\/zonalimitrofe-cbnr.com\/index.php\/wp-json\/wp\/v2\/posts\/10259\/revisions"}],"predecessor-version":[{"id":10260,"href":"https:\/\/zonalimitrofe-cbnr.com\/index.php\/wp-json\/wp\/v2\/posts\/10259\/revisions\/10260"}],"wp:attachment":[{"href":"https:\/\/zonalimitrofe-cbnr.com\/index.php\/wp-json\/wp\/v2\/media?parent=10259"}],"wp:term":[{"taxonomy":"category","embeddable":true,"href":"https:\/\/zonalimitrofe-cbnr.com\/index.php\/wp-json\/wp\/v2\/categories?post=10259"},{"taxonomy":"post_tag","embeddable":true,"href":"https:\/\/zonalimitrofe-cbnr.com\/index.php\/wp-json\/wp\/v2\/tags?post=10259"}],"curies":[{"name":"wp","href":"https:\/\/api.w.org\/{rel}","templated":true}]}}