{"id":10253,"date":"2024-09-26T15:03:36","date_gmt":"2024-09-26T21:03:36","guid":{"rendered":"https:\/\/zonalimitrofe-cbnr.com\/?p=10253"},"modified":"2024-09-26T15:03:36","modified_gmt":"2024-09-26T21:03:36","slug":"torreon-capacitan-a-20-instituciones-del-programa-mi-querida-escuela","status":"publish","type":"post","link":"https:\/\/zonalimitrofe-cbnr.com\/index.php\/2024\/09\/26\/torreon-capacitan-a-20-instituciones-del-programa-mi-querida-escuela\/","title":{"rendered":"#Torre\u00f3n. Capacitan a 20 instituciones del programa \u201cMi querida escuela\u201d"},"content":{"rendered":"\n<p><strong>Torre\u00f3n, Coahuila. A 26 de septiembre de 2024.-<\/strong>  La Administraci\u00f3n Municipal encabezada por el alcalde Rom\u00e1n Alberto Cepeda Gonz\u00e1lez, a trav\u00e9s de la Direcci\u00f3n General de Medio Ambiente (DGMA); en conjunto con la Secretaria de Educaci\u00f3n (SEDU) Coahuila; la Secretaria de Medio Ambiente (SMA), y dependencias municipales, llev\u00f3 a cabo la capacitaci\u00f3n a representantes de 20 instituciones que pertenecen al programa \u201cMi querida escuela\u201d. El evento se realiz\u00f3 ayer en el Museo Regional de la Laguna, ubicado dentro del Bosque Venustiano Carranza, de 09:00 a 13:00 horas. Tom\u00e1s Juan Manuel L\u00f3pez Vel\u00e1zquez,\u00a0director de la direcci\u00f3n municipal, dio a conocer que este evento forma parte del seguimiento al programa \u201cMi querida escuela\u201d, dirigido a las instituciones educativas ya inscritas, y a las del ciclo escolar 2024-2025. Indic\u00f3 que el objetivo es crear brigadas sustentables en las escuelas p\u00fablicas, a trav\u00e9s de diversas actividades multidisciplinarias en las que participan dependencias municipales, buscando establecer acciones integrales. \u201cAunque el beneficio directo del programa es para los alumnos, maestros y personal de las escuelas, el impacto que deseamos es que lo aprendido en las instituciones pueda ser replicado en los hogares, formando una cadena de buenas acciones en favor del medio ambiente\u201d, afirm\u00f3 el funcionario. En este sentido, en el evento particip\u00f3 tambi\u00e9n personal del Sistema Municipal de Aguas y Saneamiento (SIMAS), a trav\u00e9s del programa de cultura del agua; el Instituto Municipal de Educaci\u00f3n y Cultura (IMCE), con el museo itinerante escuela y la Unidad de Derechos Humanos (UDH), con el tema: derechos de los ni\u00f1os. L\u00f3pez Vel\u00e1zquez\u00a0dijo que en las actividades, los representantes de cada dependencia presentaron las acciones y estrategias que realizar\u00e1n en las escuelas posteriormente, para que los participantes por parte de las escuelas comprendieran el objetivo y con ello lograr una sinergia entre las instituciones y el Municipio. De igual forma, el director dio a conocer que se entreg\u00f3 reconocimientos a las instituciones participantes y se realizaron actividades como pr\u00e1cticas como es el proceso de plantaci\u00f3n de un \u00e1rbol.<\/p>\n","protected":false},"excerpt":{"rendered":"<p>Torre\u00f3n, Coahuila. A 26 de septiembre de 2024.- La Administraci\u00f3n Municipal encabezada por el alcalde Rom\u00e1n Alberto Cepeda Gonz\u00e1lez, a trav\u00e9s de la Direcci\u00f3n General de Medio Ambiente (DGMA); en conjunto con la Secretaria de Educaci\u00f3n (SEDU) Coahuila; la Secretaria de Medio Ambiente (SMA), y dependencias municipales, llev\u00f3 a cabo la capacitaci\u00f3n a representantes de [&hellip;]<\/p>\n","protected":false},"author":1,"featured_media":10254,"comment_status":"open","ping_status":"open","sticky":false,"template":"","format":"standard","meta":{"_monsterinsights_skip_tracking":false,"_monsterinsights_sitenote_active":false,"_monsterinsights_sitenote_note":"","_monsterinsights_sitenote_category":0,"footnotes":""},"categories":[1],"tags":[],"_links":{"self":[{"href":"https:\/\/zonalimitrofe-cbnr.com\/index.php\/wp-json\/wp\/v2\/posts\/10253"}],"collection":[{"href":"https:\/\/zonalimitrofe-cbnr.com\/index.php\/wp-json\/wp\/v2\/posts"}],"about":[{"href":"https:\/\/zonalimitrofe-cbnr.com\/index.php\/wp-json\/wp\/v2\/types\/post"}],"author":[{"embeddable":true,"href":"https:\/\/zonalimitrofe-cbnr.com\/index.php\/wp-json\/wp\/v2\/users\/1"}],"replies":[{"embeddable":true,"href":"https:\/\/zonalimitrofe-cbnr.com\/index.php\/wp-json\/wp\/v2\/comments?post=10253"}],"version-history":[{"count":1,"href":"https:\/\/zonalimitrofe-cbnr.com\/index.php\/wp-json\/wp\/v2\/posts\/10253\/revisions"}],"predecessor-version":[{"id":10255,"href":"https:\/\/zonalimitrofe-cbnr.com\/index.php\/wp-json\/wp\/v2\/posts\/10253\/revisions\/10255"}],"wp:featuredmedia":[{"embeddable":true,"href":"https:\/\/zonalimitrofe-cbnr.com\/index.php\/wp-json\/wp\/v2\/media\/10254"}],"wp:attachment":[{"href":"https:\/\/zonalimitrofe-cbnr.com\/index.php\/wp-json\/wp\/v2\/media?parent=10253"}],"wp:term":[{"taxonomy":"category","embeddable":true,"href":"https:\/\/zonalimitrofe-cbnr.com\/index.php\/wp-json\/wp\/v2\/categories?post=10253"},{"taxonomy":"post_tag","embeddable":true,"href":"https:\/\/zonalimitrofe-cbnr.com\/index.php\/wp-json\/wp\/v2\/tags?post=10253"}],"curies":[{"name":"wp","href":"https:\/\/api.w.org\/{rel}","templated":true}]}}