{"id":10238,"date":"2024-09-26T14:45:47","date_gmt":"2024-09-26T20:45:47","guid":{"rendered":"https:\/\/zonalimitrofe-cbnr.com\/?p=10238"},"modified":"2024-09-26T14:45:48","modified_gmt":"2024-09-26T20:45:48","slug":"lerdo-sesiona-cabildo-itinerante-en-comunidad-la-union","status":"publish","type":"post","link":"https:\/\/zonalimitrofe-cbnr.com\/index.php\/2024\/09\/26\/lerdo-sesiona-cabildo-itinerante-en-comunidad-la-union\/","title":{"rendered":"#LERDO SESIONA CABILDO ITINERANTE EN COMUNIDAD LA UNI\u00d3N*"},"content":{"rendered":"\n<p>Lerdo, 26 de septiembre 2024.- Este jueves 26 de septiembre la Sesi\u00f3n Ordinaria de Cabildo n\u00famero 95, con modalidad de Cabildo Itinerante, se desarroll\u00f3 en la cancha de la comunidad La Uni\u00f3n, del Municipio de Lerdo, Durango, en un esfuerzo por acercar el Cabildo y el programa de Audiencias P\u00fablicas a los habitantes de la zona rural.<\/p>\n\n\n\n<p>Posterior a la aprobaci\u00f3n del orden del d\u00eda y del acta ordinaria de Cabildo n\u00famero 94, se recibi\u00f3 un oficio en Correspondencia, mismo que fue enviado por el Dr. Homero Mart\u00ednez Cabrera, Presidente Municipal, proponiendo someter a consideraci\u00f3n del H. Cabildo el cambio de nombre de la &#8220;Unidad Deportiva Campos M\u00e9xico 98&#8221; a &#8220;Polideportivo Lerdo 2024&#8221;, derivado a la remodelaci\u00f3n que actualmente se realiza en el \u00e1rea, que contemplar\u00e1 voleibol, b\u00e1squetbol, una pista de atletismo, f\u00fatbol r\u00e1pido y futbol soccer, convirti\u00e9ndose en una unidad multidisciplinaria. Este oficio se turnar\u00e1 la Comisi\u00f3n de Gobernaci\u00f3n.<\/p>\n\n\n\n<p>Enseguida se aprobaron dos dict\u00e1menes emitidos por la Comisi\u00f3n de Obras P\u00fablicas; en el primero, se autoriz\u00f3 subdividir en dos fracciones una propiedad registrada como finca urbana, ubicada en la Colonia Centro de Ciudad Lerdo, con una superficie total de 423.5 metros cuadrados. Y enseguida se autoriz\u00f3 el cambio de uso de suelo de &#8220;H-6 Habitacional Alta&#8221; a &#8220;CU-2 Habitacional y Comercio&#8221; para una dispensadora de agua purificada, ubicada en la colonia Los Laureles, que consta de una superficie de 102 metros cuadrados.<\/p>\n\n\n\n<p>En Asuntos Generales, el Presidente Municipal Homero Mart\u00ednez Cabrera escuch\u00f3 las intervenciones de los regidores y se comprometi\u00f3 a atender a la brevedad cada una de las peticiones ciudadanas, a trav\u00e9s de las \u00e1reas municipales correspondientes.<\/p>\n\n\n\n<p>As\u00ed mismo, se\u00f1al\u00f3 que los pr\u00f3ximos cabildos itinerantes se realizar\u00e1n con la modalidad de Cabildo Abierto, para que la gente de las comunidades que sean visitadas, puedan externar sus preocupaciones.<\/p>\n\n\n\n<p>El edil aprovech\u00f3 para invitar a las autoridades rurales para concientizar a los habitantes respecto a las medidas preventivas para evitar la proliferaci\u00f3n del mosquito transmisor del dengue, zika y chikungunya, pues mencion\u00f3 que aunque el municipio de Lerdo lleva a cabo acciones de descacharrizaci\u00f3n, fumigaci\u00f3n y control de larvicidas, es de suma importancia que la sociedad participe activamente desde su hogar; depositando la pastilla del abate en su tinaco, evitando estancamientos de agua, tirando recipientes o cacharros que puedan almacenar l\u00edquidos en donde pueda existir el criadero de mosquitos.<\/p>\n\n\n\n<p>Celebr\u00f3 que Lerdo haya sido sede de la reuni\u00f3n regional Red Duranguense por la Salud, donde se abordaron temas trascendentales para el bienestar social de la poblaci\u00f3n, y se cont\u00f3 con la participaci\u00f3n de autoridades estatales, como el Secretario de Salud, el Secretario de Gobierno, la Jurisdicci\u00f3n Sanitaria n\u00famero 2, presidentes y representantes de los distintos municipios que conforman esta red. Manifest\u00f3 que en coordinaci\u00f3n con el Gobernador Esteban Villegas Villarreal se trabajar\u00e1 para atender dichos temas prioritarios en el rubro de salud y seguridad, y coadtuvar en las acciones de la lucha contra el dengue.<\/p>\n","protected":false},"excerpt":{"rendered":"<p>Lerdo, 26 de septiembre 2024.- Este jueves 26 de septiembre la Sesi\u00f3n Ordinaria de Cabildo n\u00famero 95, con modalidad de Cabildo Itinerante, se desarroll\u00f3 en la cancha de la comunidad La Uni\u00f3n, del Municipio de Lerdo, Durango, en un esfuerzo por acercar el Cabildo y el programa de Audiencias P\u00fablicas a los habitantes de la [&hellip;]<\/p>\n","protected":false},"author":1,"featured_media":10239,"comment_status":"open","ping_status":"open","sticky":false,"template":"","format":"standard","meta":{"_monsterinsights_skip_tracking":false,"_monsterinsights_sitenote_active":false,"_monsterinsights_sitenote_note":"","_monsterinsights_sitenote_category":0,"footnotes":""},"categories":[1],"tags":[],"_links":{"self":[{"href":"https:\/\/zonalimitrofe-cbnr.com\/index.php\/wp-json\/wp\/v2\/posts\/10238"}],"collection":[{"href":"https:\/\/zonalimitrofe-cbnr.com\/index.php\/wp-json\/wp\/v2\/posts"}],"about":[{"href":"https:\/\/zonalimitrofe-cbnr.com\/index.php\/wp-json\/wp\/v2\/types\/post"}],"author":[{"embeddable":true,"href":"https:\/\/zonalimitrofe-cbnr.com\/index.php\/wp-json\/wp\/v2\/users\/1"}],"replies":[{"embeddable":true,"href":"https:\/\/zonalimitrofe-cbnr.com\/index.php\/wp-json\/wp\/v2\/comments?post=10238"}],"version-history":[{"count":1,"href":"https:\/\/zonalimitrofe-cbnr.com\/index.php\/wp-json\/wp\/v2\/posts\/10238\/revisions"}],"predecessor-version":[{"id":10240,"href":"https:\/\/zonalimitrofe-cbnr.com\/index.php\/wp-json\/wp\/v2\/posts\/10238\/revisions\/10240"}],"wp:featuredmedia":[{"embeddable":true,"href":"https:\/\/zonalimitrofe-cbnr.com\/index.php\/wp-json\/wp\/v2\/media\/10239"}],"wp:attachment":[{"href":"https:\/\/zonalimitrofe-cbnr.com\/index.php\/wp-json\/wp\/v2\/media?parent=10238"}],"wp:term":[{"taxonomy":"category","embeddable":true,"href":"https:\/\/zonalimitrofe-cbnr.com\/index.php\/wp-json\/wp\/v2\/categories?post=10238"},{"taxonomy":"post_tag","embeddable":true,"href":"https:\/\/zonalimitrofe-cbnr.com\/index.php\/wp-json\/wp\/v2\/tags?post=10238"}],"curies":[{"name":"wp","href":"https:\/\/api.w.org\/{rel}","templated":true}]}}