{"id":10229,"date":"2024-09-26T14:37:08","date_gmt":"2024-09-26T20:37:08","guid":{"rendered":"https:\/\/zonalimitrofe-cbnr.com\/?p=10229"},"modified":"2024-09-26T14:37:09","modified_gmt":"2024-09-26T20:37:09","slug":"coahuila-presenta-dif-coahuila-c-conferencia-magistral-si-es-posible","status":"publish","type":"post","link":"https:\/\/zonalimitrofe-cbnr.com\/index.php\/2024\/09\/26\/coahuila-presenta-dif-coahuila-c-conferencia-magistral-si-es-posible\/","title":{"rendered":"#Coahuila. PRESENTA DIF COAHUILA C CONFERENCIA MAGISTRAL \u201cS\u00cd, \u00a1ES POSIBLE\u00a1&#8221;"},"content":{"rendered":"\n<p>\u00b7 Encabeza la Presidenta Honoraria del DIF Coahuila, Liliana Salinas Vald\u00e9s la charla que sustent\u00f3 Adriana Mac\u00edas<\/p>\n\n\n\n<p>Saltillo, Coahuila de Zaragoza, a 25 de septiembre de 2024.- La Presidenta Honoraria del DIF Coahuila, Liliana Salinas Vald\u00e9s, encabez\u00f3 la pl\u00e1tica motivacional \u201cS\u00ed, \u00a1\u00a1Es Posible\u00a1\u00a1\u201d, que sustent\u00f3 la conferencista internacional Adriana Mac\u00edas, que cerr\u00f3 las m\u00e1s de 100 actividades que se llevaron a cabo dentro del Mes de las Personas con Discapacidad.<\/p>\n\n\n\n<p>Junto a la titular de Programas Sociales del organismo, Ivonne Espinosa Torres, y de la Presidenta del DIF Saltillo, Beatriz D\u00e1vila, clausur\u00f3 las actividades, donde resalt\u00f3 la valent\u00eda, destrezas y habilidades de la reconocida conferencista.<\/p>\n\n\n\n<p>Ante un abarrotado sal\u00f3n, Liliana Salinas extern\u00f3 su convicci\u00f3n de que la sensibilizaci\u00f3n de la sociedad es como se podr\u00e1 ver mejor la discapacidad.<\/p>\n\n\n\n<p>Durante su presentaci\u00f3n, Adriana Mac\u00edas transmiti\u00f3 mensajes motivacionales donde las palabras, entereza, responsabilidad, autoestima, confianza, autodisciplina, trabajo en equipo, esfuerzo y dedicaci\u00f3n son pilares para la superaci\u00f3n.<\/p>\n\n\n\n<p>El cl\u00edmax de su presentaci\u00f3n, fue cuando interpret\u00f3 con el chelo la melod\u00eda B\u00e9same Mucho y cerr\u00f3 acompa\u00f1ada del maestro Marcello Yako \u201cA mi Manera\u201d, que hizo vibrar a la concurrencia.<\/p>\n\n\n\n<p>Toda persona que enfrenta alguna de ella, tiene otras habilidades, otras destrezas y capacidades que les pueden hacer sobresalir en cualquier campo, como el educativo, el laboral o el social, indic\u00f3 en su oportunidad la presidenta del DIF Coahuila, Liliana Salinas..<\/p>\n\n\n\n<p>A lo largo del mes, el DIF Coahuila, con el respaldo del gobierno de Manolo Jim\u00e9nez y en coordinaci\u00f3n con los 38 organismos municipales llev\u00f3 a cabo m\u00faltiples eventos recreativos, deportivos y culturales a lo largo y ancho del Estado.<\/p>\n\n\n\n<p>\u201cTodas las actividades tuvieron como finalidad fomentar el respeto hacia las personas con discapacidad, promover su desarrollo integral y sensibilizar a la poblaci\u00f3n sobre la importancia de crear espacios m\u00e1s inclusivos\u201d, expres\u00f3.<\/p>\n\n\n\n<p>En ese sentido, destac\u00f3 que el organismo a su cargo, en coordinaci\u00f3n con los 38 comit\u00e9s municipales de los DIF, desarrollaron m\u00e1s de cien actividades encaminadas a sensibilizar para observar con respeto y admiraci\u00f3n a toda persona con discapacidad.<\/p>\n\n\n\n<p>A lo largo de las jornadas, expres\u00f3, se trabaj\u00f3 con peque\u00f1os que presentan alguna discapacidad y forman parte de los Centros de Atenci\u00f3n M\u00faltiple donde hacen gala de sus destrezas y habilidades con la fabricaci\u00f3n de diversos art\u00edculos que, posteriormente comercializan para contribuir al mejoramiento de la econom\u00eda de sus familias, y eso es de gran valor.<\/p>\n\n\n\n<p>En este mes, el DIF Coahuila lanz\u00f3 una de las acciones m\u00e1s destacadas como la campa\u00f1a \u201cVeamos la Discapacidad\u201d, con presencia en redes sociales, medios de comunicaci\u00f3n y espacios p\u00fablicos.<\/p>\n\n\n\n<p>Tuvo como prop\u00f3sito sensibilizar a la poblaci\u00f3n sobre la forma en que se percibe a las personas con discapacidad, con la promoci\u00f3n del uso de un lenguaje respetuoso e inclusivo, y eliminando estigmas y prejuicios que puedan obstaculizar su integraci\u00f3n en la sociedad.<\/p>\n\n\n\n<p>Adem\u00e1s, se llev\u00f3 a cabo el Foro de Empresarios por la Inclusi\u00f3n, con una conferencia motivacional impartida por Emanuel de Hoyos bajo el t\u00edtulo \u201c\u00a1Qu\u00e9 esperas para levantarte!\u201d, foro mediante el cual se exhort\u00f3 a sus asistentes a promover la inclusi\u00f3n laboral de personas con discapacidad en sus empresas, resaltando el valor de su talento y habilidades en el entorno laboral.<\/p>\n\n\n\n<p>De la misma manera, Liliana Salinas record\u00f3 que se organizaron Muestras de Arte Inclusivo en Saltillo, Torre\u00f3n, Monclova y Piedras Negras.<\/p>\n\n\n\n<p>En estos espacios, dijo, m\u00e1s de 300 alumnos de los Centros de Atenci\u00f3n M\u00faltiple exhibieron sus trabajos, donde plasmaron el talento y la creatividad de los artistas con discapacidad; destac\u00f3 el papel que los planteles de Educaci\u00f3n Especial juegan en el desarrollo art\u00edstico y cultural de sus estudiantes.<\/p>\n\n\n\n<p>Finalmente, al cierre de estas actividades este mi\u00e9rcoles por la tarde-noche, se present\u00f3 la Conferencia Magistral \u201cS\u00ed, \u00a1Es Posible!\u201d, de Adriana Mac\u00edas, reconocida oradora con discapacidad, quien comparti\u00f3 su inspiradora historia de vida, donde puso de manifiesto que las limitaciones f\u00edsicas no impiden alcanzar sue\u00f1os, estudiar, practicar deportes o llevar una vida plena.<\/p>\n\n\n\n<p>En esta pl\u00e1tica, el Gobierno del Estado, a trav\u00e9s del DIF Coahuila, reafirm\u00f3 su compromiso de implementar estrategias que promuevan una sociedad m\u00e1s inclusiva y consciente.<\/p>\n\n\n\n<p>Estas acciones no s\u00f3lo buscan sensibilizar a la sociedad, sino tambi\u00e9n promover el respeto y el uso de un lenguaje adecuado que refleje el valor y las capacidades de las personas con discapacidad.<\/p>\n\n\n\n<p>Asimismo, el DIF Coahuila trabaja en la capacitaci\u00f3n de docentes y personal, tanto en el sector p\u00fablico como privado, para que los espacios de trabajo sean cada vez m\u00e1s inclusivos y se fomente la igualdad de oportunidades, particularmente en el \u00e1mbito laboral.<\/p>\n\n\n\n<p>La inclusi\u00f3n de personas con discapacidad en el mercado laboral, no solo fortalece las econom\u00edas familiares, sino que tambi\u00e9n contribuye a su autoestima y calidad de vida.<\/p>\n","protected":false},"excerpt":{"rendered":"<p>\u00b7 Encabeza la Presidenta Honoraria del DIF Coahuila, Liliana Salinas Vald\u00e9s la charla que sustent\u00f3 Adriana Mac\u00edas Saltillo, Coahuila de Zaragoza, a 25 de septiembre de 2024.- La Presidenta Honoraria del DIF Coahuila, Liliana Salinas Vald\u00e9s, encabez\u00f3 la pl\u00e1tica motivacional \u201cS\u00ed, \u00a1\u00a1Es Posible\u00a1\u00a1\u201d, que sustent\u00f3 la conferencista internacional Adriana Mac\u00edas, que cerr\u00f3 las m\u00e1s de [&hellip;]<\/p>\n","protected":false},"author":1,"featured_media":10230,"comment_status":"open","ping_status":"open","sticky":false,"template":"","format":"standard","meta":{"_monsterinsights_skip_tracking":false,"_monsterinsights_sitenote_active":false,"_monsterinsights_sitenote_note":"","_monsterinsights_sitenote_category":0,"footnotes":""},"categories":[1],"tags":[],"_links":{"self":[{"href":"https:\/\/zonalimitrofe-cbnr.com\/index.php\/wp-json\/wp\/v2\/posts\/10229"}],"collection":[{"href":"https:\/\/zonalimitrofe-cbnr.com\/index.php\/wp-json\/wp\/v2\/posts"}],"about":[{"href":"https:\/\/zonalimitrofe-cbnr.com\/index.php\/wp-json\/wp\/v2\/types\/post"}],"author":[{"embeddable":true,"href":"https:\/\/zonalimitrofe-cbnr.com\/index.php\/wp-json\/wp\/v2\/users\/1"}],"replies":[{"embeddable":true,"href":"https:\/\/zonalimitrofe-cbnr.com\/index.php\/wp-json\/wp\/v2\/comments?post=10229"}],"version-history":[{"count":1,"href":"https:\/\/zonalimitrofe-cbnr.com\/index.php\/wp-json\/wp\/v2\/posts\/10229\/revisions"}],"predecessor-version":[{"id":10231,"href":"https:\/\/zonalimitrofe-cbnr.com\/index.php\/wp-json\/wp\/v2\/posts\/10229\/revisions\/10231"}],"wp:featuredmedia":[{"embeddable":true,"href":"https:\/\/zonalimitrofe-cbnr.com\/index.php\/wp-json\/wp\/v2\/media\/10230"}],"wp:attachment":[{"href":"https:\/\/zonalimitrofe-cbnr.com\/index.php\/wp-json\/wp\/v2\/media?parent=10229"}],"wp:term":[{"taxonomy":"category","embeddable":true,"href":"https:\/\/zonalimitrofe-cbnr.com\/index.php\/wp-json\/wp\/v2\/categories?post=10229"},{"taxonomy":"post_tag","embeddable":true,"href":"https:\/\/zonalimitrofe-cbnr.com\/index.php\/wp-json\/wp\/v2\/tags?post=10229"}],"curies":[{"name":"wp","href":"https:\/\/api.w.org\/{rel}","templated":true}]}}