{"id":10211,"date":"2024-09-25T17:42:08","date_gmt":"2024-09-25T23:42:08","guid":{"rendered":"https:\/\/zonalimitrofe-cbnr.com\/?p=10211"},"modified":"2024-09-25T17:42:08","modified_gmt":"2024-09-25T23:42:08","slug":"lerdo-alistan-detalles-en-la-loma-y-la-goma-por-actividades-de-la-division-del-norte","status":"publish","type":"post","link":"https:\/\/zonalimitrofe-cbnr.com\/index.php\/2024\/09\/25\/lerdo-alistan-detalles-en-la-loma-y-la-goma-por-actividades-de-la-division-del-norte\/","title":{"rendered":"#Lerdo. ALISTAN DETALLES EN LA LOMA Y LA GOMA POR ACTIVIDADES DE LA DIVISI\u00d3N DEL NORTE*"},"content":{"rendered":"\n<p>Lerdo, 25 de septiembre 2024.- La brigada de Servicios P\u00fablicos dio inicio a los trabajos de limpieza y mantenimiento en Villa La Loma y la comunidad de La Goma, as\u00ed como sus respectivas Ex Haciendas como parte de las acciones de preparaci\u00f3n para las pr\u00f3ximas actividades que se desarrollar\u00e1n en el marco del 111 aniversario de la Conformaci\u00f3n de la Divisi\u00f3n del Norte.<\/p>\n\n\n\n<p>El personal de la direcci\u00f3n municipal se ha dado a la tarea de brindar un servicio de mejora de imagen a los espacios p\u00fablicos que fueron parte fundamental en la historia de la Revoluci\u00f3n Mexicana, en donde se llevar\u00e1n a cabo una serie de actividades culturales.<\/p>\n\n\n\n<p>Los eventos iniciar\u00e1n este s\u00e1bado 28 de septiembre, en la Ex Hacienda La Goma, Durango, lugar donde el General Francisco Villa pernoct\u00f3 previo a la conformaci\u00f3n de la Divisi\u00f3n del Norte. Posteriormente el domingo 29, se realizar\u00e1 un acto c\u00edvico en Villa La Loma, adem\u00e1s de la Caravana Motorizada Revolucionaria y la Cabalgata Villista.<\/p>\n\n\n\n<p>Cabe hacer menci\u00f3n que, las brigadas pertenecientes a los departamentos de Mantenimiento, Limpieza, as\u00ed como Parques y Jardines, se mantienen ejecutando trabajos de poda, deshierbe y recolecci\u00f3n de basura.<\/p>\n","protected":false},"excerpt":{"rendered":"<p>Lerdo, 25 de septiembre 2024.- La brigada de Servicios P\u00fablicos dio inicio a los trabajos de limpieza y mantenimiento en Villa La Loma y la comunidad de La Goma, as\u00ed como sus respectivas Ex Haciendas como parte de las acciones de preparaci\u00f3n para las pr\u00f3ximas actividades que se desarrollar\u00e1n en el marco del 111 aniversario [&hellip;]<\/p>\n","protected":false},"author":1,"featured_media":10212,"comment_status":"open","ping_status":"open","sticky":false,"template":"","format":"standard","meta":{"_monsterinsights_skip_tracking":false,"_monsterinsights_sitenote_active":false,"_monsterinsights_sitenote_note":"","_monsterinsights_sitenote_category":0,"footnotes":""},"categories":[1],"tags":[],"_links":{"self":[{"href":"https:\/\/zonalimitrofe-cbnr.com\/index.php\/wp-json\/wp\/v2\/posts\/10211"}],"collection":[{"href":"https:\/\/zonalimitrofe-cbnr.com\/index.php\/wp-json\/wp\/v2\/posts"}],"about":[{"href":"https:\/\/zonalimitrofe-cbnr.com\/index.php\/wp-json\/wp\/v2\/types\/post"}],"author":[{"embeddable":true,"href":"https:\/\/zonalimitrofe-cbnr.com\/index.php\/wp-json\/wp\/v2\/users\/1"}],"replies":[{"embeddable":true,"href":"https:\/\/zonalimitrofe-cbnr.com\/index.php\/wp-json\/wp\/v2\/comments?post=10211"}],"version-history":[{"count":1,"href":"https:\/\/zonalimitrofe-cbnr.com\/index.php\/wp-json\/wp\/v2\/posts\/10211\/revisions"}],"predecessor-version":[{"id":10213,"href":"https:\/\/zonalimitrofe-cbnr.com\/index.php\/wp-json\/wp\/v2\/posts\/10211\/revisions\/10213"}],"wp:featuredmedia":[{"embeddable":true,"href":"https:\/\/zonalimitrofe-cbnr.com\/index.php\/wp-json\/wp\/v2\/media\/10212"}],"wp:attachment":[{"href":"https:\/\/zonalimitrofe-cbnr.com\/index.php\/wp-json\/wp\/v2\/media?parent=10211"}],"wp:term":[{"taxonomy":"category","embeddable":true,"href":"https:\/\/zonalimitrofe-cbnr.com\/index.php\/wp-json\/wp\/v2\/categories?post=10211"},{"taxonomy":"post_tag","embeddable":true,"href":"https:\/\/zonalimitrofe-cbnr.com\/index.php\/wp-json\/wp\/v2\/tags?post=10211"}],"curies":[{"name":"wp","href":"https:\/\/api.w.org\/{rel}","templated":true}]}}