{"id":10193,"date":"2024-09-25T17:22:24","date_gmt":"2024-09-25T23:22:24","guid":{"rendered":"https:\/\/zonalimitrofe-cbnr.com\/?p=10193"},"modified":"2024-09-25T17:22:24","modified_gmt":"2024-09-25T23:22:24","slug":"gp-jovenes-gomezpalatinos-muestran-su-talento-en-el-juvefest","status":"publish","type":"post","link":"https:\/\/zonalimitrofe-cbnr.com\/index.php\/2024\/09\/25\/gp-jovenes-gomezpalatinos-muestran-su-talento-en-el-juvefest\/","title":{"rendered":"#GP. J\u00f3venes gomezpalatinos muestran su talento en el JuveFest"},"content":{"rendered":"\n<p>El Ayuntamiento de G\u00f3mez Palacio, a trav\u00e9s del Instituto Municipal de la Juventud, llev\u00f3 a cabo la primera edici\u00f3n del JuveFest, evento que registr\u00f3 participaciones art\u00edsticas de j\u00f3venes gomezpalatinos que aprovecharon el escenario, para dar a conocer su talento.<\/p>\n\n\n\n<p>Sof\u00eda Carriedo Garc\u00eda, titular del Instituto Municipal de la Juventud, mencion\u00f3 que para concluir con las actividades realizadas en el marco del D\u00eda Internacional de la Juventud, se llev\u00f3 a cabo el festival que cont\u00f3 con la participaci\u00f3n art\u00edstica de canto y baile de m\u00e1s de 30 j\u00f3venes alumnos de preparatorias y universidades de la localidad, tanto privadas como p\u00fablicas, quienes deleitaron al p\u00fablico que asisti\u00f3 a la Plaza de Armas.<\/p>\n\n\n\n<p>Para la Presidenta Municipal Leticia Herrera Ale es de gran importancia la juventud gomezpalatina, por lo que en su administraci\u00f3n ha indicado al IMJ que de manera constante se ofrezca una atenci\u00f3n integral a este sector de la poblaci\u00f3n.<\/p>\n\n\n\n<p>Carriedo Garc\u00eda mencion\u00f3 que con motivo del D\u00eda Internacional de la Juventud la dependencia a su cargo realiz\u00f3 de manera previa y posterior a esta fecha, una serie de actividades deportivas, acad\u00e9micas y culturales, que sirvieron como espacio de expresi\u00f3n, esparcimiento y sana convivencia para los j\u00f3venes de G\u00f3mez Palacio.<\/p>\n\n\n\n<p>Finalmente, la funcionaria mencion\u00f3 que el Instituto Municipal de la Juventud trabaja de manera constante durante todo el a\u00f1o, brindando atenci\u00f3n mediante diversas actividades o programas, por lo que invit\u00f3 a los j\u00f3venes a estar en contacto permanente y conozcan sus programas, en las instalaciones ubicadas en calle Santiago Lav\u00edn n\u00famero 327, entre avenidas Allende y Victoria, o llamar al tel\u00e9fono 8716 88 39 88 para obtener mayores informes.<\/p>\n","protected":false},"excerpt":{"rendered":"<p>El Ayuntamiento de G\u00f3mez Palacio, a trav\u00e9s del Instituto Municipal de la Juventud, llev\u00f3 a cabo la primera edici\u00f3n del JuveFest, evento que registr\u00f3 participaciones art\u00edsticas de j\u00f3venes gomezpalatinos que aprovecharon el escenario, para dar a conocer su talento. Sof\u00eda Carriedo Garc\u00eda, titular del Instituto Municipal de la Juventud, mencion\u00f3 que para concluir con las [&hellip;]<\/p>\n","protected":false},"author":1,"featured_media":10194,"comment_status":"open","ping_status":"open","sticky":false,"template":"","format":"standard","meta":{"_monsterinsights_skip_tracking":false,"_monsterinsights_sitenote_active":false,"_monsterinsights_sitenote_note":"","_monsterinsights_sitenote_category":0,"footnotes":""},"categories":[1],"tags":[],"_links":{"self":[{"href":"https:\/\/zonalimitrofe-cbnr.com\/index.php\/wp-json\/wp\/v2\/posts\/10193"}],"collection":[{"href":"https:\/\/zonalimitrofe-cbnr.com\/index.php\/wp-json\/wp\/v2\/posts"}],"about":[{"href":"https:\/\/zonalimitrofe-cbnr.com\/index.php\/wp-json\/wp\/v2\/types\/post"}],"author":[{"embeddable":true,"href":"https:\/\/zonalimitrofe-cbnr.com\/index.php\/wp-json\/wp\/v2\/users\/1"}],"replies":[{"embeddable":true,"href":"https:\/\/zonalimitrofe-cbnr.com\/index.php\/wp-json\/wp\/v2\/comments?post=10193"}],"version-history":[{"count":1,"href":"https:\/\/zonalimitrofe-cbnr.com\/index.php\/wp-json\/wp\/v2\/posts\/10193\/revisions"}],"predecessor-version":[{"id":10195,"href":"https:\/\/zonalimitrofe-cbnr.com\/index.php\/wp-json\/wp\/v2\/posts\/10193\/revisions\/10195"}],"wp:featuredmedia":[{"embeddable":true,"href":"https:\/\/zonalimitrofe-cbnr.com\/index.php\/wp-json\/wp\/v2\/media\/10194"}],"wp:attachment":[{"href":"https:\/\/zonalimitrofe-cbnr.com\/index.php\/wp-json\/wp\/v2\/media?parent=10193"}],"wp:term":[{"taxonomy":"category","embeddable":true,"href":"https:\/\/zonalimitrofe-cbnr.com\/index.php\/wp-json\/wp\/v2\/categories?post=10193"},{"taxonomy":"post_tag","embeddable":true,"href":"https:\/\/zonalimitrofe-cbnr.com\/index.php\/wp-json\/wp\/v2\/tags?post=10193"}],"curies":[{"name":"wp","href":"https:\/\/api.w.org\/{rel}","templated":true}]}}