{"id":10184,"date":"2024-09-25T17:13:07","date_gmt":"2024-09-25T23:13:07","guid":{"rendered":"https:\/\/zonalimitrofe-cbnr.com\/?p=10184"},"modified":"2024-09-25T17:13:08","modified_gmt":"2024-09-25T23:13:08","slug":"durango-esteban-les-cumple-a-normalistas-y-entrega-el-nuevo-gimnasio-auditorio-francisco-celis-melendez","status":"publish","type":"post","link":"https:\/\/zonalimitrofe-cbnr.com\/index.php\/2024\/09\/25\/durango-esteban-les-cumple-a-normalistas-y-entrega-el-nuevo-gimnasio-auditorio-francisco-celis-melendez\/","title":{"rendered":"#Durango. Esteban les cumple a normalistas y entrega el nuevo Gimnasio-Auditorio \u201cFrancisco Celis Mel\u00e9ndez\u201d*"},"content":{"rendered":"\n<ul>\n<li><em>Ahora tienen un espacio digno donde hacer deporte, eventos culturales y art\u00edsticos.<\/em><\/li>\n\n\n\n<li><em>Con una inversi\u00f3n de 43.7 millones de pesos, la ByCENED tambi\u00e9n tiene un comedor, 19 aulas did\u00e1cticas, biblioteca y una nueva barda perimetral.<\/em><\/li>\n\n\n\n<li><em>Esteban cumpli\u00f3 el sue\u00f1o de muchas generaciones normalistas: Jes\u00fas Roberto Robles, director de la ByCENED.<\/em><\/li>\n<\/ul>\n\n\n\n<p>\u201cLa escuela Normal se merec\u00eda instalaciones de primera, espacios dignos para que los alumnos realicen deportes, eventos culturales y art\u00edsticos, por eso les di mi palabra y hoy se cumple\u201d, manifest\u00f3 el gobernador Esteban Villegas Villarreal, al inaugurar junto a su esposa Marisol Rosso, el Gimnasio-Auditorio \u201cFrancisco Celis Mel\u00e9ndez\u201d, en las instalaciones de la Benem\u00e9rita y Centenaria Escuela Normal del Estado de Durango (ByCENED).<\/p>\n\n\n\n<p>\u201cUn auditorio como este, son pocos en Durango y que bueno que la Normal ya cuente con un espacio digno; este gobierno est\u00e1 haciendo historia y hoy queda demostrado en la ByCENED\u201d, expres\u00f3 el Mandatario al inaugurar este recinto, que junto a la construcci\u00f3n de un comedor, la rehabilitaci\u00f3n de 19 aulas did\u00e1cticas, una biblioteca y una barda perimetral, suman un total de 43.7 millones de pesos en inversi\u00f3n.<\/p>\n\n\n\n<p>\u201cHoy me da mucho gusto venir a rescatar mi palabra a decirles que aqu\u00ed est\u00e1 cumplida, muchos no cre\u00edan cuando yo dije: vamos a hacer el auditorio y empezamos a buscar gestiones, ver la forma de terminarlo y ahora lo entregamos para que alumnos, maestros y padres de familia puedan disfrutar de estas instalaciones\u201d, apunt\u00f3 el Gobernador.<\/p>\n\n\n\n<p>Mario Alfonso Ch\u00e1vez, director general de Educaci\u00f3n Superior para el Magisterio (DGESUM), coment\u00f3 que la decisi\u00f3n de hacer el auditorio ha sido maravillosa y agradeci\u00f3 al Gobernador por su apoyo para concretar esta obra que se realiz\u00f3 con mezcla de recursos entre el Gobierno del Estado y la Federaci\u00f3n.<\/p>\n\n\n\n<p>La alumna Carol Flores, capitana del equipo de b\u00e1squetbol de la ByCENED, agradeci\u00f3 a Esteban por la entrega de este magn\u00edfico auditorio que esperaban con ansias, donde podr\u00e1n jugar y competir; \u201ceste espacio simboliza la pasi\u00f3n, esfuerzo y dedicaci\u00f3n de toda la comunidad, el Gobernador ha hecho este sue\u00f1o realidad y ser\u00e1 un hogar para los equipos\u201d.<\/p>\n\n\n\n<p>El director de la ByCENED, Jes\u00fas Roberto Robles Zapata, expuso que es un d\u00eda muy importante para la comunidad estudiantil, ya que el 2024 es el a\u00f1o de Durango, pero, tambi\u00e9n es el a\u00f1o de la Normal, ya que se cumple un sue\u00f1o de m\u00e1s de 40 a\u00f1os que consist\u00eda en tener esta majestuosa construcci\u00f3n que se hizo posible por las gestiones del Gobernador; \u201choy se cumple el sue\u00f1o de muchas generaciones normalistas\u201d.<\/p>\n\n\n\n<p>Entre la algarab\u00eda de los alumnos, el Gobernador acompa\u00f1ado del secretario de Educaci\u00f3n, Guillermo Adame Calder\u00f3n y dem\u00e1s autoridades, estrenaron estas instalaciones con el primer lanzamiento de pelota a la canasta de b\u00e1squetbol.<\/p>\n","protected":false},"excerpt":{"rendered":"<p>\u201cLa escuela Normal se merec\u00eda instalaciones de primera, espacios dignos para que los alumnos realicen deportes, eventos culturales y art\u00edsticos, por eso les di mi palabra y hoy se cumple\u201d, manifest\u00f3 el gobernador Esteban Villegas Villarreal, al inaugurar junto a su esposa Marisol Rosso, el Gimnasio-Auditorio \u201cFrancisco Celis Mel\u00e9ndez\u201d, en las instalaciones de la Benem\u00e9rita [&hellip;]<\/p>\n","protected":false},"author":1,"featured_media":10185,"comment_status":"open","ping_status":"open","sticky":false,"template":"","format":"standard","meta":{"_monsterinsights_skip_tracking":false,"_monsterinsights_sitenote_active":false,"_monsterinsights_sitenote_note":"","_monsterinsights_sitenote_category":0,"footnotes":""},"categories":[1],"tags":[],"_links":{"self":[{"href":"https:\/\/zonalimitrofe-cbnr.com\/index.php\/wp-json\/wp\/v2\/posts\/10184"}],"collection":[{"href":"https:\/\/zonalimitrofe-cbnr.com\/index.php\/wp-json\/wp\/v2\/posts"}],"about":[{"href":"https:\/\/zonalimitrofe-cbnr.com\/index.php\/wp-json\/wp\/v2\/types\/post"}],"author":[{"embeddable":true,"href":"https:\/\/zonalimitrofe-cbnr.com\/index.php\/wp-json\/wp\/v2\/users\/1"}],"replies":[{"embeddable":true,"href":"https:\/\/zonalimitrofe-cbnr.com\/index.php\/wp-json\/wp\/v2\/comments?post=10184"}],"version-history":[{"count":1,"href":"https:\/\/zonalimitrofe-cbnr.com\/index.php\/wp-json\/wp\/v2\/posts\/10184\/revisions"}],"predecessor-version":[{"id":10186,"href":"https:\/\/zonalimitrofe-cbnr.com\/index.php\/wp-json\/wp\/v2\/posts\/10184\/revisions\/10186"}],"wp:featuredmedia":[{"embeddable":true,"href":"https:\/\/zonalimitrofe-cbnr.com\/index.php\/wp-json\/wp\/v2\/media\/10185"}],"wp:attachment":[{"href":"https:\/\/zonalimitrofe-cbnr.com\/index.php\/wp-json\/wp\/v2\/media?parent=10184"}],"wp:term":[{"taxonomy":"category","embeddable":true,"href":"https:\/\/zonalimitrofe-cbnr.com\/index.php\/wp-json\/wp\/v2\/categories?post=10184"},{"taxonomy":"post_tag","embeddable":true,"href":"https:\/\/zonalimitrofe-cbnr.com\/index.php\/wp-json\/wp\/v2\/tags?post=10184"}],"curies":[{"name":"wp","href":"https:\/\/api.w.org\/{rel}","templated":true}]}}