{"id":10160,"date":"2024-09-24T17:38:57","date_gmt":"2024-09-24T23:38:57","guid":{"rendered":"https:\/\/zonalimitrofe-cbnr.com\/?p=10160"},"modified":"2024-09-24T17:38:58","modified_gmt":"2024-09-24T23:38:58","slug":"durango-este-es-el-sexenio-de-los-jovenes-entrega-esteban-premio-estatal-de-la-juventud-2024","status":"publish","type":"post","link":"https:\/\/zonalimitrofe-cbnr.com\/index.php\/2024\/09\/24\/durango-este-es-el-sexenio-de-los-jovenes-entrega-esteban-premio-estatal-de-la-juventud-2024\/","title":{"rendered":"#Durango. \u201cEste es el sexenio de los j\u00f3venes\u201d; entrega Esteban Premio Estatal de la Juventud 2024*"},"content":{"rendered":"\n<ul>\n<li><em>En edici\u00f3n \u201cFanny Anit\u00faa\u201d reconoce Gobernador talento de duranguenses y los galardona con la medalla \u201cFrancisco Villa\u201d, reconocimiento y est\u00edmulo econ\u00f3micos en las diferentes categor\u00edas participantes.<\/em><\/li>\n\n\n\n<li><em>\u201cBajo su gu\u00eda seguiremos avanzando hacia un Durango m\u00e1s inclusivo, donde cada voz sea escuchada y cada talento, valorado\u201d: Grecia Hern\u00e1ndez, directora del IDJ.<\/em><\/li>\n<\/ul>\n\n\n\n<p>\u201cEste es el sexenio de los j\u00f3venes y es para ustedes todo lo que estamos haciendo\u201d, expres\u00f3 el gobernador Esteban Villegas Villarreal al entregar junto a su esposa Marisol Rosso, el Premio Estatal de la Juventud \u201cFanny Anit\u00faa\u201d 2024, donde reconoci\u00f3 el talento y la dedicaci\u00f3n de los duranguenses en distintos rubros.<\/p>\n\n\n\n<p>\u201cEn Durango se est\u00e1 empezando a respirar aire nuevo y fresco, qu\u00edtense el miedo, busquen sus sue\u00f1os, les aseguro que si son disciplinados, le ponen pasi\u00f3n y tienen el objetivo claro, el sue\u00f1o siempre lo van a alcanzar\u201d, les dijo Villegas Villarreal a los m\u00e1s de 100 participantes de esta edici\u00f3n.<\/p>\n\n\n\n<p>Junto a Marisol y la titular del Instituto Duranguense de la Juventud, (IDJ), Grecia Hern\u00e1ndez Carrazco, el Mandatario hizo entrega de un reconocimiento y un est\u00edmulo de 20 mil pesos a los primeros lugares de las categor\u00edas: J\u00f3venes que Inspiran, Comunicaci\u00f3n y Medios Digitales; Logro Empresarial, Desarrollo Cient\u00edfico y Tecn\u00f3logo; J\u00f3venes del Campo, Logro Acad\u00e9mico; Compromiso Social, Expresi\u00f3n Cultural y Art\u00edstica, as\u00ed como el Logro Deportivo. Para los segundos lugares, se les otorg\u00f3 la medalla \u201cFrancisco Villa\u201d.<\/p>\n\n\n\n<p>All\u00ed, Esteban les comparti\u00f3 a los j\u00f3venes que vienen buenas cosas para Durango, ya que con las nuevas inversiones que est\u00e1n llegando al estado, se est\u00e1n viendo los frutos del trabajo realizado en estos dos a\u00f1os de su Gobierno y recalc\u00f3 que hoy, es el momento de poder cristalizar y coronar lo que hace mucho so\u00f1aron los duranguenses.<\/p>\n\n\n\n<p>La directora del IDJ, Grecia Hern\u00e1ndez Carrazco, resalt\u00f3 que este premio es una muestra del compromiso que Esteban Villegas tiene con la juventud, que cree y le apuesta a los j\u00f3venes, \u201cgracias gobernador por su apoyo incondicional; su liderazgo y visi\u00f3n son fundamentales para impulsar las pol\u00edticas que fomentan el desarrollo integral de la juventud, estoy segura que bajo su gu\u00eda seguiremos avanzando hacia a un Durango m\u00e1s inclusivo, donde cada voz sea escuchada y cada talento, valorado\u201d, concluy\u00f3.<\/p>\n\n\n\n<p>Una vez m\u00e1s, el Gobierno de Esteban refrenda su compromiso con la juventud duranguense, y con eventos de esta naturaleza, los j\u00f3venes adem\u00e1s de demostrar sus cualidades, inspiran a otros a ser parte de los pr\u00f3ximos proyectos y contribuir al desarrollo del estado.<\/p>\n\n\n\n<p><em>Ganadores por categor\u00eda<\/em><\/p>\n\n\n\n<p>J\u00f3venes que Inspiran:<\/p>\n\n\n\n<ul>\n<li>Ilse Gayt\u00e1n Reyes &#8211; Libertad de Expresi\u00f3n<\/li>\n\n\n\n<li>Melanie Alcaraz Nev\u00e1rez &#8211; Equidad de Genero<\/li>\n\n\n\n<li>Miguel Le\u00f3n Garc\u00eda &#8211; Nueva Generaci\u00f3n<\/li>\n\n\n\n<li>Shania Valeria Luna Venegas -Medio Ambiente<\/li>\n\n\n\n<li>\u00d3scar Ulises Mart\u00ednez \u2013 Diversidad Sexual<\/li>\n<\/ul>\n\n\n\n<p>Comunicaci\u00f3n y Medios Digitales:<\/p>\n\n\n\n<ol>\n<li>Yair Reyes Quiroz<\/li>\n\n\n\n<li>Abigail Duarte Zavala<\/li>\n<\/ol>\n\n\n\n<p>Logro empresarial:<\/p>\n\n\n\n<ol>\n<li>Ruth Elizabeth Torres<\/li>\n\n\n\n<li>Andrea Estefan\u00eda Rodr\u00edguez<\/li>\n<\/ol>\n\n\n\n<p>Desarrollo Cient\u00edfico y Tecnol\u00f3gico:<\/p>\n\n\n\n<ol>\n<li>Celeste Garc\u00eda Rodr\u00edguez<\/li>\n\n\n\n<li>Alejandro Hern\u00e1ndez Gonz\u00e1lez<\/li>\n<\/ol>\n\n\n\n<p>J\u00f3venes del campo:<\/p>\n\n\n\n<ol>\n<li>Omar Dom\u00ednguez Espinosa<\/li>\n\n\n\n<li>Miguel \u00c1ngel D\u00edaz Ju\u00e1rez<\/li>\n<\/ol>\n\n\n\n<p>Logro Acad\u00e9mico:<\/p>\n\n\n\n<ol>\n<li>Andrea Dom\u00ednguez Esparza<\/li>\n\n\n\n<li>Jos\u00e9 Isa\u00edas Ram\u00edrez Flores<\/li>\n<\/ol>\n\n\n\n<p>Compromiso Social:<\/p>\n\n\n\n<ol>\n<li>Am\u00e9rica Reyes Quiroz<\/li>\n\n\n\n<li>Omar Cabada Mart\u00ednez<\/li>\n<\/ol>\n\n\n\n<p>Expresi\u00f3n Cultural y Art\u00edstica<\/p>\n\n\n\n<ol>\n<li>Abel Arturo Valenzuela<\/li>\n\n\n\n<li>Alex Daniel Esquivel Sandoval<\/li>\n<\/ol>\n\n\n\n<p>Logro Deportivo:<\/p>\n\n\n\n<ol>\n<li>Miguel \u00c1ngel Mart\u00ednez Ram\u00edrez<\/li>\n\n\n\n<li>Emanuel Carrillo Calder\u00f3n<\/li>\n<\/ol>\n","protected":false},"excerpt":{"rendered":"<p>\u201cEste es el sexenio de los j\u00f3venes y es para ustedes todo lo que estamos haciendo\u201d, expres\u00f3 el gobernador Esteban Villegas Villarreal al entregar junto a su esposa Marisol Rosso, el Premio Estatal de la Juventud \u201cFanny Anit\u00faa\u201d 2024, donde reconoci\u00f3 el talento y la dedicaci\u00f3n de los duranguenses en distintos rubros. \u201cEn Durango se [&hellip;]<\/p>\n","protected":false},"author":1,"featured_media":10161,"comment_status":"open","ping_status":"open","sticky":false,"template":"","format":"standard","meta":{"_monsterinsights_skip_tracking":false,"_monsterinsights_sitenote_active":false,"_monsterinsights_sitenote_note":"","_monsterinsights_sitenote_category":0,"footnotes":""},"categories":[1],"tags":[],"_links":{"self":[{"href":"https:\/\/zonalimitrofe-cbnr.com\/index.php\/wp-json\/wp\/v2\/posts\/10160"}],"collection":[{"href":"https:\/\/zonalimitrofe-cbnr.com\/index.php\/wp-json\/wp\/v2\/posts"}],"about":[{"href":"https:\/\/zonalimitrofe-cbnr.com\/index.php\/wp-json\/wp\/v2\/types\/post"}],"author":[{"embeddable":true,"href":"https:\/\/zonalimitrofe-cbnr.com\/index.php\/wp-json\/wp\/v2\/users\/1"}],"replies":[{"embeddable":true,"href":"https:\/\/zonalimitrofe-cbnr.com\/index.php\/wp-json\/wp\/v2\/comments?post=10160"}],"version-history":[{"count":1,"href":"https:\/\/zonalimitrofe-cbnr.com\/index.php\/wp-json\/wp\/v2\/posts\/10160\/revisions"}],"predecessor-version":[{"id":10162,"href":"https:\/\/zonalimitrofe-cbnr.com\/index.php\/wp-json\/wp\/v2\/posts\/10160\/revisions\/10162"}],"wp:featuredmedia":[{"embeddable":true,"href":"https:\/\/zonalimitrofe-cbnr.com\/index.php\/wp-json\/wp\/v2\/media\/10161"}],"wp:attachment":[{"href":"https:\/\/zonalimitrofe-cbnr.com\/index.php\/wp-json\/wp\/v2\/media?parent=10160"}],"wp:term":[{"taxonomy":"category","embeddable":true,"href":"https:\/\/zonalimitrofe-cbnr.com\/index.php\/wp-json\/wp\/v2\/categories?post=10160"},{"taxonomy":"post_tag","embeddable":true,"href":"https:\/\/zonalimitrofe-cbnr.com\/index.php\/wp-json\/wp\/v2\/tags?post=10160"}],"curies":[{"name":"wp","href":"https:\/\/api.w.org\/{rel}","templated":true}]}}