{"id":10106,"date":"2024-09-23T16:30:58","date_gmt":"2024-09-23T22:30:58","guid":{"rendered":"https:\/\/zonalimitrofe-cbnr.com\/?p=10106"},"modified":"2024-09-23T16:30:59","modified_gmt":"2024-09-23T22:30:59","slug":"coahuila-promueve-dif-coahuila-inclusion-de-las-personas-con-discapacidad","status":"publish","type":"post","link":"https:\/\/zonalimitrofe-cbnr.com\/index.php\/2024\/09\/23\/coahuila-promueve-dif-coahuila-inclusion-de-las-personas-con-discapacidad\/","title":{"rendered":"#Coahuila. PROMUEVE DIF COAHUILA INCLUSI\u00d3N DE LAS PERSONAS CON DISCAPACIDAD"},"content":{"rendered":"\n<p>\u00b7 Con m\u00e1s de 100 actividades en todo el estado, conmemora el mes de las personas con discapacidad<\/p>\n\n\n\n<p>Saltillo, Coahuila de Zaragoza; a 23 de septiembre de 2024.- Liliana Salinas Vald\u00e9s, presidenta honoraria del Sistema DIF Coahuila, inform\u00f3 que, en el marco del Mes de las Personas con Discapacidad se han realizado m\u00e1s de 100 eventos dirigidos a personas con discapacidad, sus familias, estudiantes, y sociedad en general, en coordinaci\u00f3n con los 38 municipios.<\/p>\n\n\n\n<p>Mencion\u00f3 que estas actividades, que han contado con la participaci\u00f3n de m\u00e1s de seis mil personas, buscan generar conciencia sobre los derechos de las personas con discapacidad y promover su plena inclusi\u00f3n en todos los \u00e1mbitos de la sociedad.<\/p>\n\n\n\n<p>Liliana Salinas se\u00f1al\u00f3 que entre las actividades realizadas se encuentran eventos deportivos, recreativos, culturales y de capacitaci\u00f3n, \u201ctodos dise\u00f1ados para fomentar el respeto hacia las personas con discapacidad, promover su desarrollo integral y sensibilizar a la poblaci\u00f3n sobre la importancia de crear espacios m\u00e1s inclusivos\u201d, expres\u00f3.<\/p>\n\n\n\n<p>Abund\u00f3 que una de las acciones m\u00e1s destacadas es el lanzamiento de la campa\u00f1a \u201cVeamos la Discapacidad\u201d, que tiene presencia en redes sociales, medios de comunicaci\u00f3n y espacios p\u00fablicos.<\/p>\n\n\n\n<p>La titular del DIF Coahuila coment\u00f3 que esta campa\u00f1a tiene como prop\u00f3sito sensibilizar a la poblaci\u00f3n sobre la forma en que se percibe a las personas con discapacidad, promoviendo el uso de un lenguaje respetuoso e inclusivo, y eliminando estigmas y prejuicios que puedan obstaculizar su integraci\u00f3n en la sociedad.<\/p>\n\n\n\n<p>Adem\u00e1s, dijo que se llevar\u00e1 a cabo el Foro de Empresarios por la Inclusi\u00f3n, que incluye una conferencia motivacional impartida por Emanuel de Hoyos bajo el t\u00edtulo \u201c\u00a1Qu\u00e9 esperas para levantarte!\u201d, foro que tiene el objetivo de inspirar a los asistentes a promover la inclusi\u00f3n laboral de personas con discapacidad en sus empresas, resaltando el valor de su talento y habilidades en el entorno laboral.<\/p>\n\n\n\n<p>De la misma manera, Liliana Salinas record\u00f3 que se han organizado Muestras de Arte Inclusivo en los municipios de Saltillo y Torre\u00f3n, y que pr\u00f3ximamente se har\u00e1 en Monclova y Piedras Negras. En estos espacios, dijo, m\u00e1s de 300 alumnos de los Centros de Atenci\u00f3n M\u00faltiple han exhibido su trabajo, demostrando el talento y la creatividad de los artistas con discapacidad, y destacando el papel que las escuelas de educaci\u00f3n especial juegan en el desarrollo art\u00edstico y cultural de sus estudiantes.<\/p>\n\n\n\n<p>Liliana Salinas destac\u00f3 que para cerrar las actividades del mes, se presentar\u00e1 en Saltillo la conferencia magistral \u201cS\u00ed, \u00a1Es Posible!\u201d, impartida por Adriana Mac\u00edas, reconocida oradora con discapacidad, quien compartir\u00e1 su inspiradora historia de vida, subrayando que las limitaciones f\u00edsicas no impiden alcanzar sue\u00f1os, estudiar, practicar deportes ni llevar una vida plena.<\/p>\n\n\n\n<p>GOBIERNO COMPROMETIDO CON LA INCLUSI\u00d3N E IGUALDAD<\/p>\n\n\n\n<p>El Gobierno del Estado, a trav\u00e9s del DIF Coahuila reafirma su compromiso de implementar estrategias que promuevan una sociedad m\u00e1s inclusiva y consciente. Estas acciones no solo buscan sensibilizar a la sociedad, sino tambi\u00e9n promover el respeto y el uso de un lenguaje adecuado que refleje el valor y las capacidades de las personas con discapacidad.<\/p>\n\n\n\n<p>Asimismo, el DIF Coahuila trabaja en la capacitaci\u00f3n de docentes y personal, tanto en el sector p\u00fablico como privado, para que los espacios de trabajo sean cada vez m\u00e1s inclusivos y se fomente la igualdad de oportunidades, particularmente en el \u00e1mbito laboral.<\/p>\n\n\n\n<p>La inclusi\u00f3n de personas con discapacidad en el mercado laboral no solo fortalece las econom\u00edas familiares, sino que tambi\u00e9n contribuye a su autoestima y calidad de vida.<\/p>\n\n\n\n<p>A trav\u00e9s de estas acciones, el Gobierno del Estado de Coahuila y el DIF Coahuila promueven un cambio de visi\u00f3n, donde la discapacidad no sea vista como una limitante, sino como una oportunidad para resaltar las capacidades individuales. Al sensibilizar a la sociedad, se busca crear un entorno m\u00e1s inclusivo, donde las personas con discapacidad puedan desarrollar su potencial y vivir en condiciones de igualdad y dignidad.<\/p>\n","protected":false},"excerpt":{"rendered":"<p>\u00b7 Con m\u00e1s de 100 actividades en todo el estado, conmemora el mes de las personas con discapacidad Saltillo, Coahuila de Zaragoza; a 23 de septiembre de 2024.- Liliana Salinas Vald\u00e9s, presidenta honoraria del Sistema DIF Coahuila, inform\u00f3 que, en el marco del Mes de las Personas con Discapacidad se han realizado m\u00e1s de 100 [&hellip;]<\/p>\n","protected":false},"author":1,"featured_media":10107,"comment_status":"open","ping_status":"open","sticky":false,"template":"","format":"standard","meta":{"_monsterinsights_skip_tracking":false,"_monsterinsights_sitenote_active":false,"_monsterinsights_sitenote_note":"","_monsterinsights_sitenote_category":0,"footnotes":""},"categories":[1],"tags":[],"_links":{"self":[{"href":"https:\/\/zonalimitrofe-cbnr.com\/index.php\/wp-json\/wp\/v2\/posts\/10106"}],"collection":[{"href":"https:\/\/zonalimitrofe-cbnr.com\/index.php\/wp-json\/wp\/v2\/posts"}],"about":[{"href":"https:\/\/zonalimitrofe-cbnr.com\/index.php\/wp-json\/wp\/v2\/types\/post"}],"author":[{"embeddable":true,"href":"https:\/\/zonalimitrofe-cbnr.com\/index.php\/wp-json\/wp\/v2\/users\/1"}],"replies":[{"embeddable":true,"href":"https:\/\/zonalimitrofe-cbnr.com\/index.php\/wp-json\/wp\/v2\/comments?post=10106"}],"version-history":[{"count":1,"href":"https:\/\/zonalimitrofe-cbnr.com\/index.php\/wp-json\/wp\/v2\/posts\/10106\/revisions"}],"predecessor-version":[{"id":10108,"href":"https:\/\/zonalimitrofe-cbnr.com\/index.php\/wp-json\/wp\/v2\/posts\/10106\/revisions\/10108"}],"wp:featuredmedia":[{"embeddable":true,"href":"https:\/\/zonalimitrofe-cbnr.com\/index.php\/wp-json\/wp\/v2\/media\/10107"}],"wp:attachment":[{"href":"https:\/\/zonalimitrofe-cbnr.com\/index.php\/wp-json\/wp\/v2\/media?parent=10106"}],"wp:term":[{"taxonomy":"category","embeddable":true,"href":"https:\/\/zonalimitrofe-cbnr.com\/index.php\/wp-json\/wp\/v2\/categories?post=10106"},{"taxonomy":"post_tag","embeddable":true,"href":"https:\/\/zonalimitrofe-cbnr.com\/index.php\/wp-json\/wp\/v2\/tags?post=10106"}],"curies":[{"name":"wp","href":"https:\/\/api.w.org\/{rel}","templated":true}]}}