{"id":10093,"date":"2024-09-23T16:14:49","date_gmt":"2024-09-23T22:14:49","guid":{"rendered":"https:\/\/zonalimitrofe-cbnr.com\/?p=10093"},"modified":"2024-09-23T16:14:49","modified_gmt":"2024-09-23T22:14:49","slug":"uadec-celebran-el-50-aniversario-de-la-facultad-de-economia-y-mercadotecnia-de-la-uadec","status":"publish","type":"post","link":"https:\/\/zonalimitrofe-cbnr.com\/index.php\/2024\/09\/23\/uadec-celebran-el-50-aniversario-de-la-facultad-de-economia-y-mercadotecnia-de-la-uadec\/","title":{"rendered":"#UAdeC. Celebran el 50 Aniversario de la Facultad de Econom\u00eda y Mercadotecnia de la UAdeC"},"content":{"rendered":"\n<p>TORRE\u00d3N, Coahuila. 23 de septiembre de 2024. El pasado viernes 20 de septiembre la comunidad universitaria de la Facultad de Econom\u00eda y Mercadotecnia (FEM) de la Universidad Aut\u00f3noma de Coahuila, Unidad Torre\u00f3n, celebr\u00f3 su 50 aniversario de fundaci\u00f3n para lo que realizaron diversas actividades acad\u00e9micas, de sustentabilidad, vinculaci\u00f3n y sociales.<\/p>\n\n\n\n<p>Las festividades iniciaron con la develaci\u00f3n de las letras conmemorativas \u201cFEM eres parte de la historia\u201d frente a las instalaciones de la Facultad, seguida de la plantaci\u00f3n de un \u00e1rbol como s\u00edmbolo de crecimiento y arraigo institucional, en el Aula Magna del Centro Cultural \u201cBraulio Fern\u00e1ndez Aguirre\u201d, se llev\u00f3 a cabo la conferencia magistral \u201cEl Futuro es Humano: Decisiones M\u00e1s All\u00e1 del Algoritmo\u201d, impartida por el experto en marketing digital, H\u00e9ctor Fara Rodr\u00edguez.<\/p>\n\n\n\n<p>A los eventos en representaci\u00f3n del rector de la m\u00e1xima casa de estudios, asisti\u00f3 el secretario general de la UAdeC, V\u00edctor Manuel S\u00e1nchez Vald\u00e9s, acompa\u00f1ado por la coordinadora de la Unidad Torre\u00f3n, Sandra L\u00f3pez Chavarr\u00eda, la directora de la Facultad, Grace Aileen Ruiz Santoyo, as\u00ed como por alumnos y exalumnos del plantel.<\/p>\n\n\n\n<p>En su mensaje, felicit\u00f3 a la comunidad universitaria de FEM por alcanzar cinco d\u00e9cadas de contribuci\u00f3n acad\u00e9mica, porque la FEM es una de las instituciones fundadoras de la Universidad Aut\u00f3noma de Coahuila, y, por su enfoque multidisciplinario en econom\u00eda y mercadotecnia otorga a sus egresados una ventaja competitiva en el mercado laboral.<\/p>\n\n\n\n<p>Por su parte, la coordinadora de la Unidad Torre\u00f3n, Sandra L\u00f3pez Chavarr\u00eda, felicit\u00f3 a la directora de FEM, Grace Aileen Ru\u00edz Santoyo, por su talento, vocaci\u00f3n y entrega invaluable al frente del plantel, as\u00ed como a las y los docentes, les reconoci\u00f3 y agradeci\u00f3 por la labor diaria que realizan en forjar el futuro de las y los j\u00f3venes.<\/p>\n\n\n\n<p>Exhort\u00f3 a la comunidad estudiantil y docente a aprovechar sus labores acad\u00e9micas, que asuman la responsabilidad que les corresponde con la sociedad, y que siempre tengan presente su compromiso para con nuestro M\u00e9xico, as\u00ed como a las y los exalumnos, les agradeci\u00f3 el valor de su contribuci\u00f3n profesional, ya que son las expresiones m\u00e1s preciadas que ponen el alto el nombre del Universidad Aut\u00f3noma de Coahuila.<\/p>\n\n\n\n<p>En su intervenci\u00f3n, la directora de la Facultad, Grace Aileen Ruiz Santoyo, reflexion\u00f3 sobre el legado de la Facultad, que ha formado m\u00e1s de 50 generaciones de economistas, 52 de mercad\u00f3logos y 30 de posgrado, asimismo, destac\u00f3 la importancia del trabajo en equipo entre estudiantes y personal para lograr los objetivos acad\u00e9micos.<\/p>\n\n\n\n<p>Las celebraciones culminaron con una cena-baile, donde se reconoci\u00f3 la colaboraci\u00f3n de empresas aliadas como 4G, representada por Melchor Cadena, y AEME Asesores, encabezada por Armando Valle Escobedo, que han apoyado a los estudiantes de la FEM en su inserci\u00f3n laboral.<\/p>\n\n\n\n<p>La historia de la Facultad de Econom\u00eda y Mercadotecnia comenz\u00f3 en 1973 como parte de la Facultad de Contadur\u00eda y Administraci\u00f3n, con la Licenciatura en Econom\u00eda, en 1974, se convirti\u00f3 en la Escuela de Econom\u00eda, cambiando su nombre en 1981 y adquiriendo el rango de Facultad en 1985; hoy, despu\u00e9s de cinco d\u00e9cadas, la FEM se consolida como un pilar de la educaci\u00f3n superior en la regi\u00f3n, contribuyendo al desarrollo de Coahuila y M\u00e9xico a trav\u00e9s de la formaci\u00f3n de profesionales altamente capacitados.<\/p>\n","protected":false},"excerpt":{"rendered":"<p>TORRE\u00d3N, Coahuila. 23 de septiembre de 2024. El pasado viernes 20 de septiembre la comunidad universitaria de la Facultad de Econom\u00eda y Mercadotecnia (FEM) de la Universidad Aut\u00f3noma de Coahuila, Unidad Torre\u00f3n, celebr\u00f3 su 50 aniversario de fundaci\u00f3n para lo que realizaron diversas actividades acad\u00e9micas, de sustentabilidad, vinculaci\u00f3n y sociales. Las festividades iniciaron con la [&hellip;]<\/p>\n","protected":false},"author":1,"featured_media":10094,"comment_status":"open","ping_status":"open","sticky":false,"template":"","format":"standard","meta":{"_monsterinsights_skip_tracking":false,"_monsterinsights_sitenote_active":false,"_monsterinsights_sitenote_note":"","_monsterinsights_sitenote_category":0,"footnotes":""},"categories":[1],"tags":[],"_links":{"self":[{"href":"https:\/\/zonalimitrofe-cbnr.com\/index.php\/wp-json\/wp\/v2\/posts\/10093"}],"collection":[{"href":"https:\/\/zonalimitrofe-cbnr.com\/index.php\/wp-json\/wp\/v2\/posts"}],"about":[{"href":"https:\/\/zonalimitrofe-cbnr.com\/index.php\/wp-json\/wp\/v2\/types\/post"}],"author":[{"embeddable":true,"href":"https:\/\/zonalimitrofe-cbnr.com\/index.php\/wp-json\/wp\/v2\/users\/1"}],"replies":[{"embeddable":true,"href":"https:\/\/zonalimitrofe-cbnr.com\/index.php\/wp-json\/wp\/v2\/comments?post=10093"}],"version-history":[{"count":1,"href":"https:\/\/zonalimitrofe-cbnr.com\/index.php\/wp-json\/wp\/v2\/posts\/10093\/revisions"}],"predecessor-version":[{"id":10095,"href":"https:\/\/zonalimitrofe-cbnr.com\/index.php\/wp-json\/wp\/v2\/posts\/10093\/revisions\/10095"}],"wp:featuredmedia":[{"embeddable":true,"href":"https:\/\/zonalimitrofe-cbnr.com\/index.php\/wp-json\/wp\/v2\/media\/10094"}],"wp:attachment":[{"href":"https:\/\/zonalimitrofe-cbnr.com\/index.php\/wp-json\/wp\/v2\/media?parent=10093"}],"wp:term":[{"taxonomy":"category","embeddable":true,"href":"https:\/\/zonalimitrofe-cbnr.com\/index.php\/wp-json\/wp\/v2\/categories?post=10093"},{"taxonomy":"post_tag","embeddable":true,"href":"https:\/\/zonalimitrofe-cbnr.com\/index.php\/wp-json\/wp\/v2\/tags?post=10093"}],"curies":[{"name":"wp","href":"https:\/\/api.w.org\/{rel}","templated":true}]}}